[{"@context":"https:\/\/schema.org\/","@type":"Article","@id":"https:\/\/www.matask.cz\/setrite-nebo-ani-nemate-z-ceho-protoze-pobirate-minimalni-mzdu\/#Article","mainEntityOfPage":"https:\/\/www.matask.cz\/setrite-nebo-ani-nemate-z-ceho-protoze-pobirate-minimalni-mzdu\/","headline":"\u0160et\u0159\u00edte nebo ani nem\u00e1te z \u010deho, proto\u017ee pob\u00edr\u00e1te minim\u00e1ln\u00ed mzdu?","name":"\u0160et\u0159\u00edte nebo ani nem\u00e1te z \u010deho, proto\u017ee pob\u00edr\u00e1te minim\u00e1ln\u00ed mzdu?","description":"Kdo z v\u00e1s m\u00e1 zku\u0161enosti s minim\u00e1ln\u00ed mzdou? U\u017e se hl\u00e1s\u00edte? Nebo to rad\u011bji p\u0159ed kolegy \u010di p\u0159\u00e1teli ani nechcete p\u0159iznat a tak to tutl\u00e1te nebo se o mzd\u011b prost\u011b v\u016fbec nebav\u00edte? Rozhodn\u011b m\u00e1te pravdu, kdy\u017e \u0159eknete, \u017ee se nen\u00ed \u010d\u00edm chlubit. Na druhou stranu, \u010dlov\u011bk je r\u00e1d, kdy\u017e se minim\u00e1ln\u00ed mzda alespo\u0148 o n\u011bco [&hellip;]","datePublished":"2021-04-11","dateModified":"2023-04-30","author":{"@type":"Person","@id":"https:\/\/www.matask.cz\/author\/#Person","name":"","url":"https:\/\/www.matask.cz\/author\/","identifier":1,"image":{"@type":"ImageObject","@id":"https:\/\/secure.gravatar.com\/avatar\/65248d4269af31fa3fa693ee3fd479d0960b985d370ed586e59378332be7a3ce?s=96&d=mm&r=g","url":"https:\/\/secure.gravatar.com\/avatar\/65248d4269af31fa3fa693ee3fd479d0960b985d370ed586e59378332be7a3ce?s=96&d=mm&r=g","height":96,"width":96}},"publisher":{"@type":"Organization","name":"matask.cz","logo":{"@type":"ImageObject","@id":"\/logo.png","url":"\/logo.png","width":600,"height":60}},"image":{"@type":"ImageObject","@id":"https:\/\/www.matask.cz\/wp-content\/uploads\/pen%C3%ADze%20%C5%BEena.jpeg","url":"https:\/\/www.matask.cz\/wp-content\/uploads\/pen%C3%ADze%20%C5%BEena.jpeg","height":0,"width":0},"url":"https:\/\/www.matask.cz\/setrite-nebo-ani-nemate-z-ceho-protoze-pobirate-minimalni-mzdu\/","about":["Podnik\u00e1n\u00ed"],"wordCount":431,"articleBody":"       Kdo z v\u00e1s m\u00e1 zku\u0161enosti s minim\u00e1ln\u00ed mzdou? U\u017e se hl\u00e1s\u00edte? Nebo to rad\u011bji p\u0159ed kolegy \u010di p\u0159\u00e1teli ani nechcete p\u0159iznat a tak to tutl\u00e1te nebo se o mzd\u011b prost\u011b v\u016fbec nebav\u00edte? Rozhodn\u011b m\u00e1te pravdu, kdy\u017e \u0159eknete, \u017ee se nen\u00ed \u010d\u00edm chlubit. Na druhou stranu, \u010dlov\u011bk je r\u00e1d, kdy\u017e se minim\u00e1ln\u00ed mzda alespo\u0148 o n\u011bco zvedne. Posledn\u00ed roky vl\u00e1da p\u0159id\u00e1vala a pro rok 2021 plat\u00ed, \u017ee \u010d\u00e1stka minim\u00e1ln\u00ed mzdy v hrub\u00e9m je 15200K\u010d. Tato \u010d\u00e1stka je dan\u00e1 st\u00e1tem, proto p\u0159i b\u011b\u017en\u00e9m pracovn\u00edm pom\u011bru nem\u016f\u017eete dostat m\u00e9n\u011b, ne\u017e je tato \u010d\u00e1stka. T\u00edmto zp\u016fsobem z\u00e1kon chr\u00e1n\u00ed v\u0161echny lidi p\u0159ed chudobou a tak\u00e9 p\u0159ed nepr\u00e1v\u00edm, proto\u017ee jinak by v\u00e1m zam\u011bstnavatel\u00e9 mohli d\u00e1vat, kolik by uznali za vhodn\u00e9 a mohla by to b\u00fdt \u010d\u00e1stka i daleko ni\u017e\u0161\u00ed, ale jakmile je d\u00e1na minim\u00e1ln\u00ed mzda \u010dr, tak to nem\u016f\u017ee b\u00fdt m\u00e9n\u011b ne\u017e 15 200 K\u010d hrub\u00e9ho v roce 2021.Ka\u017ed\u00fdm rokem se situace zlep\u0161uje, proto\u017ee posledn\u00ed roky vl\u00e1da ka\u017ed\u00fd rok o n\u011bjakou \u010d\u00e1stku minim\u00e1ln\u00ed mzdu nav\u00fd\u0161ila.Za svou vykonanou pr\u00e1ci na klasick\u00fd \u2013 b\u011b\u017en\u00fd pracovn\u00ed pom\u011br nem\u016f\u017eete m\u00edt m\u00e9n\u011b pen\u011bz na v\u00fdplatu.Z t\u00e9to \u010d\u00e1stky se vypo\u010d\u00edt\u00e1v\u00e1 je\u0161t\u011b odvody na dan\u011b a strh\u00e1v\u00e1 se soci\u00e1ln\u00ed a zdravotn\u00ed poji\u0161t\u011bn\u00ed, jak ze strany zam\u011bstnavatele, tak ze strany zam\u011bstnance.Pro rok 2021 je zru\u0161en v\u00fdpo\u010det, kter\u00fd se v p\u0159ede\u0161l\u00fdch letech vypo\u010d\u00edt\u00e1val ze super hrub\u00e9 mzdy. Letos pouze plat\u00ed jak\u00fdsi z\u00e1klad, \u010dili odvod na soci\u00e1ln\u00ed a zdravotn\u00ed zam\u011bstnavatele, soci\u00e1ln\u00ed a zdravotn\u00ed z \u201eva\u0161ich\u201c pen\u011bz a pak odvod dan\u011b z p\u0159\u00edjm\u016f. V\u00fdsledek je va\u0161e v\u00fdplata, kterou z\u00edsk\u00e1te na \u00fa\u010det nebo do ruky. Superhrub\u00e1 cifra je v\u00fdpo\u010det, kter\u00fd pom\u00e1h\u00e1 z hrub\u00e9 mzdy ur\u010dit \u010distou mzdu a je zru\u0161ena pouze do\u010dasn\u011b, z\u0159ejm\u011b na dva roky, pokud vl\u00e1da nerozhodne jinak.Pro v\u00fdpo\u010det \u010dist\u00e9 mzdy v\u00e1m posta\u010d\u00ed zadat do kalkula\u010dky na internetu \u010d\u00e1stku minim\u00e1ln\u00ed mzdy, p\u0159\u00edpadn\u011b dal\u0161\u00ed n\u00e1le\u017eitosti a v\u0161e si nech\u00e1te vypo\u010d\u00edtat. Ihned vid\u00edte v\u00fdsledek, kolik byste vlastn\u011b m\u011bli m\u00edt financ\u00ed za svou pr\u00e1ci na v\u00fdplatu.                                                                                                                                                                                                                                                                                                                                                                                          4.6\/5 - (9 votes)        "},{"@context":"https:\/\/schema.org\/","@type":"BreadcrumbList","itemListElement":[{"@type":"ListItem","position":1,"name":"\u0160et\u0159\u00edte nebo ani nem\u00e1te z \u010deho, proto\u017ee pob\u00edr\u00e1te minim\u00e1ln\u00ed mzdu?","item":"https:\/\/www.matask.cz\/setrite-nebo-ani-nemate-z-ceho-protoze-pobirate-minimalni-mzdu\/#breadcrumbitem"}]}]